{"id":5949,"date":"2025-09-15T00:00:00","date_gmt":"2025-09-14T22:00:00","guid":{"rendered":"http:\/\/becobra.be\/taux-dinteret-technique-branche-21-lt\/"},"modified":"2026-03-27T15:12:54","modified_gmt":"2026-03-27T14:12:54","slug":"taux-dinteret-technique-branche-21-lt","status":"publish","type":"post","link":"https:\/\/becobra.be\/fr\/taux-dinteret-technique-branche-21-lt\/","title":{"rendered":"Taux d&rsquo;int\u00e9r\u00eat technique branche 21 LT"},"content":{"rendered":"\n<p>Un arr\u00eat\u00e9 minist\u00e9riel a \u00e9t\u00e9 \u00e9mis&nbsp;par le ministre Clarinval, en vertu duquel le taux d&rsquo;int\u00e9r\u00eat technique maximal applicable aux produits d\u2019assurance-vie de longue dur\u00e9e (plus de 8 ans) de la branche 21 sera augment\u00e9&nbsp;de 2,50 % \u00e0 3,75 % \u00e0 partir du 1er janvier 2026. Vous trouverez en annexe la publication du Moniteur belge de ce jour.<br>Nous rappelons que les assureurs peuvent toujours proposer un taux d\u2019int\u00e9r\u00eat plus \u00e9lev\u00e9, pour autant que les conditions prudentielles pr\u00e9vues par la loi du 13 mars 2016 soient respect\u00e9es.<\/p>\n\n\n\n<p>Par ailleurs, nous avons pu lire qu\u2019en collaboration avec le ministre Jambon (Finances), le ministre Clarinval pr\u00e9pare une modification l\u00e9gislative visant \u00e0 supprimer ce plafond l\u00e9gal \u00e0 l\u2019avenir, afin de stimuler la libre concurrence sur le march\u00e9 de l\u2019assurance et de r\u00e9compenser les \u00e9pargnants. Vous trouverez en annexe l\u2019article publi\u00e9 \u00e0 ce sujet dans L\u2019Echo. Pour que tout soit clair, nous pr\u00e9cisons \u00e9galement que la FSMA confirme que le <a href=\"http:\/\/www.fsma.be\/fr\/taux-lpc-garantie-de-rendement\" target=\"_blank\" rel=\"noopener\">rendement minimum garanti<\/a> que les employeurs doivent maintenir reste fix\u00e9 \u00e0 2,50 % \u00e0 partir du 1er janvier 2026.<\/p>\n\n\n\n<p><\/p>\n","protected":false},"excerpt":{"rendered":"<p>Un arr\u00eat\u00e9 minist\u00e9riel a \u00e9t\u00e9 \u00e9mis&nbsp;par le ministre Clarinval, en vertu duquel le taux d&rsquo;int\u00e9r\u00eat technique maximal applicable aux produits d\u2019assurance-vie de longue dur\u00e9e (plus de 8 ans) de la branche 21 sera augment\u00e9&nbsp;de 2,50 % \u00e0 3,75 % \u00e0 partir du 1er janvier 2026. Vous trouverez en annexe la publication du Moniteur belge de [&hellip;]<\/p>\n","protected":false},"author":2,"featured_media":7365,"comment_status":"open","ping_status":"closed","sticky":false,"template":"","format":"standard","meta":{"_acf_changed":false,"footnotes":""},"categories":[56,57],"tags":[84,92],"rol":[81],"class_list":["post-5949","post","type-post","status-publish","format-standard","has-post-thumbnail","hentry","category-affaires-juridiques-et-conformite","category-assurance-vie","tag-private","tag-slotje","rol-standaard-lid"],"acf":[],"_links":{"self":[{"href":"https:\/\/becobra.be\/fr\/wp-json\/wp\/v2\/posts\/5949","targetHints":{"allow":["GET"]}}],"collection":[{"href":"https:\/\/becobra.be\/fr\/wp-json\/wp\/v2\/posts"}],"about":[{"href":"https:\/\/becobra.be\/fr\/wp-json\/wp\/v2\/types\/post"}],"author":[{"embeddable":true,"href":"https:\/\/becobra.be\/fr\/wp-json\/wp\/v2\/users\/2"}],"replies":[{"embeddable":true,"href":"https:\/\/becobra.be\/fr\/wp-json\/wp\/v2\/comments?post=5949"}],"version-history":[{"count":6,"href":"https:\/\/becobra.be\/fr\/wp-json\/wp\/v2\/posts\/5949\/revisions"}],"predecessor-version":[{"id":7456,"href":"https:\/\/becobra.be\/fr\/wp-json\/wp\/v2\/posts\/5949\/revisions\/7456"}],"wp:featuredmedia":[{"embeddable":true,"href":"https:\/\/becobra.be\/fr\/wp-json\/wp\/v2\/media\/7365"}],"wp:attachment":[{"href":"https:\/\/becobra.be\/fr\/wp-json\/wp\/v2\/media?parent=5949"}],"wp:term":[{"taxonomy":"category","embeddable":true,"href":"https:\/\/becobra.be\/fr\/wp-json\/wp\/v2\/categories?post=5949"},{"taxonomy":"post_tag","embeddable":true,"href":"https:\/\/becobra.be\/fr\/wp-json\/wp\/v2\/tags?post=5949"},{"taxonomy":"rol","embeddable":true,"href":"https:\/\/becobra.be\/fr\/wp-json\/wp\/v2\/rol?post=5949"}],"curies":[{"name":"wp","href":"https:\/\/api.w.org\/{rel}","templated":true}]}}