{"id":5944,"date":"2025-06-10T00:00:00","date_gmt":"2025-06-09T22:00:00","guid":{"rendered":"http:\/\/becobra.be\/changement-dintermediaire-dassurance-accord-federations-sectorielles\/"},"modified":"2026-04-01T19:23:49","modified_gmt":"2026-04-01T17:23:49","slug":"avis-changement-dintermediaire-dassurance-faq","status":"publish","type":"post","link":"https:\/\/becobra.be\/fr\/avis-changement-dintermediaire-dassurance-faq\/","title":{"rendered":"Avis changement d&rsquo;interm\u00e9diaire d&rsquo;assurance: FAQ"},"content":{"rendered":"\n<p>Assuralia et les f\u00e9d\u00e9rations sectorielles d\u2019interm\u00e9diaires, dont Becobra (anciennement BVVM-UPCA), ont sign\u00e9 en 2014 un protocole visant \u00e0 encadrer les modalit\u00e9s de notification en cas de changement d\u2019interm\u00e9diaire.<\/p>\n\n\n\n<p>Suite \u00e0 l\u2019adoption de la loi du 9 octobre 2023 visant \u00e0 simplifier les r\u00e8gles de r\u00e9siliation des contrats d\u2019assurance, ces r\u00e8gles ont \u00e9t\u00e9 actualis\u00e9es.<\/p>\n\n\n\n<p>Vous trouverez en annexe la FAQ mise \u00e0 jour relative au changement d\u2019interm\u00e9diaire (applicable depuis le 1er juillet 2025).<\/p>\n\n\n\n<p>Pour m\u00e9moire, nous joignons \u00e9galement la FAQ relative aux r\u00e8gles de r\u00e9siliation modifi\u00e9es.<\/p>\n","protected":false},"excerpt":{"rendered":"<p>Assuralia et les f\u00e9d\u00e9rations sectorielles d\u2019interm\u00e9diaires, dont Becobra (anciennement BVVM-UPCA), ont sign\u00e9 en 2014 un protocole visant \u00e0 encadrer les modalit\u00e9s de notification en cas de changement d\u2019interm\u00e9diaire. Suite \u00e0 l\u2019adoption de la loi du 9 octobre 2023 visant \u00e0 simplifier les r\u00e8gles de r\u00e9siliation des contrats d\u2019assurance, ces r\u00e8gles ont \u00e9t\u00e9 actualis\u00e9es. Vous trouverez [&hellip;]<\/p>\n","protected":false},"author":2,"featured_media":7393,"comment_status":"open","ping_status":"closed","sticky":false,"template":"","format":"standard","meta":{"_acf_changed":false,"footnotes":""},"categories":[56],"tags":[86],"rol":[81],"class_list":["post-5944","post","type-post","status-publish","format-standard","has-post-thumbnail","hentry","category-affaires-juridiques-et-conformite","tag-public","rol-standaard-lid"],"acf":[],"_links":{"self":[{"href":"https:\/\/becobra.be\/fr\/wp-json\/wp\/v2\/posts\/5944","targetHints":{"allow":["GET"]}}],"collection":[{"href":"https:\/\/becobra.be\/fr\/wp-json\/wp\/v2\/posts"}],"about":[{"href":"https:\/\/becobra.be\/fr\/wp-json\/wp\/v2\/types\/post"}],"author":[{"embeddable":true,"href":"https:\/\/becobra.be\/fr\/wp-json\/wp\/v2\/users\/2"}],"replies":[{"embeddable":true,"href":"https:\/\/becobra.be\/fr\/wp-json\/wp\/v2\/comments?post=5944"}],"version-history":[{"count":9,"href":"https:\/\/becobra.be\/fr\/wp-json\/wp\/v2\/posts\/5944\/revisions"}],"predecessor-version":[{"id":9054,"href":"https:\/\/becobra.be\/fr\/wp-json\/wp\/v2\/posts\/5944\/revisions\/9054"}],"wp:featuredmedia":[{"embeddable":true,"href":"https:\/\/becobra.be\/fr\/wp-json\/wp\/v2\/media\/7393"}],"wp:attachment":[{"href":"https:\/\/becobra.be\/fr\/wp-json\/wp\/v2\/media?parent=5944"}],"wp:term":[{"taxonomy":"category","embeddable":true,"href":"https:\/\/becobra.be\/fr\/wp-json\/wp\/v2\/categories?post=5944"},{"taxonomy":"post_tag","embeddable":true,"href":"https:\/\/becobra.be\/fr\/wp-json\/wp\/v2\/tags?post=5944"},{"taxonomy":"rol","embeddable":true,"href":"https:\/\/becobra.be\/fr\/wp-json\/wp\/v2\/rol?post=5944"}],"curies":[{"name":"wp","href":"https:\/\/api.w.org\/{rel}","templated":true}]}}