{"id":5895,"date":"2024-09-30T00:00:00","date_gmt":"2024-09-29T22:00:00","guid":{"rendered":"http:\/\/becobra.be\/resiliation-des-contrats-dassurance-nouvelle-regles-en-vigueur-des-le-1er-octobre-2024-note-technique-et-faq\/"},"modified":"2026-04-09T16:55:18","modified_gmt":"2026-04-09T14:55:18","slug":"resiliation-des-contrats-dassurance-nouvelle-regles-en-vigueur-des-le-1er-octobre-2024-note-technique-et-faq","status":"publish","type":"post","link":"https:\/\/becobra.be\/fr\/resiliation-des-contrats-dassurance-nouvelle-regles-en-vigueur-des-le-1er-octobre-2024-note-technique-et-faq\/","title":{"rendered":"R\u00e9siliation des contrats d\u2019assurance: nouvelle r\u00e8gles en vigueur d\u00e8s le 1er octobre 2024: note technique et FAQ"},"content":{"rendered":"\n<p><strong>Le 1er octobre 2024, la loi du 9 octobre 2023 simplifiant les r\u00e8gles de r\u00e9siliation des contrats d\u2019assurance entre en vigueur. Elle s&rsquo;applique aux contrats conclus ou tacitement reconduits \u00e0 partir de cette date.<\/strong><\/p>\n\n\n\n<p>Les nouvelles dispositions modifient les r\u00e8gles relatives \u00e0 la r\u00e9siliation des contrats d&rsquo;assurance sur quatre points \u00e0 savoir :<\/p>\n\n\n\n<ul class=\"wp-block-list\">\n<li>les modalit\u00e9s de r\u00e9siliation: insertion d&rsquo;alternatives num\u00e9riques;<\/li>\n\n\n\n<li>le d\u00e9lai pour s&rsquo;opposer \u00e0 la tacite reconduction du contrat, qui passe de 3 \u00e0 2 mois dans le chef du preneur d&rsquo;assurance;<\/li>\n\n\n\n<li>la possibilit\u00e9 pour le preneur d&rsquo;assurance \u2018consommateur\u2019 de r\u00e9silier le contrat \u00e0 tout moment \u00e0 partir de la 2\u00e8me ann\u00e9e; L\u2019AR qui r\u00e9git les formalit\u00e9s \u00e0 cet \u00e9gard est imminent;<\/li>\n\n\n\n<li>la possibilit\u00e9 pour le preneur d\u2019assurance \u2018consommateur\u2019 de demander \u00e0 son nouvel assureur ou \u00e0 un interm\u00e9diaire de r\u00e9silier le contrat en cours.<\/li>\n<\/ul>\n\n\n\n<p>Les 4 associations professionnelles des interm\u00e9diaires d&rsquo;assurance (Becobra (auparavant BVVM-UPCA), FvF, Feprabel et BZB Fedafin) ont \u00e9labor\u00e9, en collaboration avec Assuralia, une note technique et un document FAQ concernant l&rsquo;application de ces nouvelles r\u00e8gles de r\u00e9siliation. \u00c0 la suite de l&rsquo;entr\u00e9e en vigueur de cette loi, Assuralia a adapt\u00e9 les \u2018directives\u2019 pour les interm\u00e9diaires d&rsquo;assurance dans le cadre de son accord &lsquo;lettres de renon&rsquo; (disponibles sur le site web d\u2019Assuralia \u00e0 partir du 1er octobre). Ces \u2018directives\u2019 pr\u00e9voient d\u00e9sormais des dispositions concernant la signature digitale.<\/p>\n\n\n\n<p>Contact: Val\u00e9rie Nolens, CEO &#8211; <a href=\"mailto:valerie.nolens@becobra.be\">valerie.nolens@becobra.be<\/a><\/p>\n\n\n\n<p><\/p>\n","protected":false},"excerpt":{"rendered":"<p>Le 1er octobre 2024, la loi du 9 octobre 2023 simplifiant les r\u00e8gles de r\u00e9siliation des contrats d\u2019assurance entre en vigueur. Elle s&rsquo;applique aux contrats conclus ou tacitement reconduits \u00e0 partir de cette date. Les nouvelles dispositions modifient les r\u00e8gles relatives \u00e0 la r\u00e9siliation des contrats d&rsquo;assurance sur quatre points \u00e0 savoir : Les 4 [&hellip;]<\/p>\n","protected":false},"author":2,"featured_media":7132,"comment_status":"open","ping_status":"closed","sticky":false,"template":"","format":"standard","meta":{"_acf_changed":false,"footnotes":""},"categories":[56,58,57,62],"tags":[86],"rol":[81],"class_list":["post-5895","post","type-post","status-publish","format-standard","has-post-thumbnail","hentry","category-affaires-juridiques-et-conformite","category-assurance-non-vie","category-assurance-vie","category-systemes-et-operations","tag-public","rol-standaard-lid"],"acf":[],"_links":{"self":[{"href":"https:\/\/becobra.be\/fr\/wp-json\/wp\/v2\/posts\/5895","targetHints":{"allow":["GET"]}}],"collection":[{"href":"https:\/\/becobra.be\/fr\/wp-json\/wp\/v2\/posts"}],"about":[{"href":"https:\/\/becobra.be\/fr\/wp-json\/wp\/v2\/types\/post"}],"author":[{"embeddable":true,"href":"https:\/\/becobra.be\/fr\/wp-json\/wp\/v2\/users\/2"}],"replies":[{"embeddable":true,"href":"https:\/\/becobra.be\/fr\/wp-json\/wp\/v2\/comments?post=5895"}],"version-history":[{"count":8,"href":"https:\/\/becobra.be\/fr\/wp-json\/wp\/v2\/posts\/5895\/revisions"}],"predecessor-version":[{"id":7407,"href":"https:\/\/becobra.be\/fr\/wp-json\/wp\/v2\/posts\/5895\/revisions\/7407"}],"wp:featuredmedia":[{"embeddable":true,"href":"https:\/\/becobra.be\/fr\/wp-json\/wp\/v2\/media\/7132"}],"wp:attachment":[{"href":"https:\/\/becobra.be\/fr\/wp-json\/wp\/v2\/media?parent=5895"}],"wp:term":[{"taxonomy":"category","embeddable":true,"href":"https:\/\/becobra.be\/fr\/wp-json\/wp\/v2\/categories?post=5895"},{"taxonomy":"post_tag","embeddable":true,"href":"https:\/\/becobra.be\/fr\/wp-json\/wp\/v2\/tags?post=5895"},{"taxonomy":"rol","embeddable":true,"href":"https:\/\/becobra.be\/fr\/wp-json\/wp\/v2\/rol?post=5895"}],"curies":[{"name":"wp","href":"https:\/\/api.w.org\/{rel}","templated":true}]}}