{"id":12235,"date":"2026-08-31T16:06:54","date_gmt":"2026-08-31T14:06:54","guid":{"rendered":"https:\/\/becobra.be\/maximale-technische-rentevoet-blijft-375-in-2027\/"},"modified":"2026-09-01T17:00:50","modified_gmt":"2026-09-01T15:00:50","slug":"maximale-technische-rentevoet-blijft-375-in-2027","status":"publish","type":"post","link":"https:\/\/becobra.be\/fr\/maximale-technische-rentevoet-blijft-375-in-2027\/","title":{"rendered":"Le taux d\u2019int\u00e9r\u00eat technique maximal reste fix\u00e9 \u00e0 3,75 % en 2027"},"content":{"rendered":"\n<p class=\"wp-block-paragraph\">Le ministre de l\u2019\u00c9conomie David Clarinval a annonc\u00e9 que le taux d\u2019int\u00e9r\u00eat technique maximal applicable aux assurances-vie \u00e0 long terme restera fix\u00e9 \u00e0 3,75 % en 2027.<\/p>\n\n\n\n<h2 class=\"wp-block-heading\"><strong><strong>De quoi s\u2019agit-il ?<\/strong><\/strong><\/h2>\n\n\n\n<p class=\"wp-block-paragraph\">L\u2019article 216 de la loi du 13 mars 2016 fixe un taux d\u2019int\u00e9r\u00eat technique maximal que les entreprises d\u2019assurances peuvent en principe garantir pour les assurances-vie \u00e0 long terme (plus de 8 ans) de la branche 21.<\/p>\n\n\n\n<p class=\"wp-block-paragraph\">Ce taux est calcul\u00e9 chaque ann\u00e9e sur la base de 85 % de la moyenne des rendements des obligations lin\u00e9aires de l\u2019\u00c9tat belge \u00e0 10 ans au cours des 24 derniers mois, arrondie aux 25 points de base les plus proches. Selon la l\u00e9gislation actuelle, il ne peut \u00eatre inf\u00e9rieur \u00e0 0,75 % ni sup\u00e9rieur \u00e0 3,75 %.<\/p>\n\n\n\n<p class=\"wp-block-paragraph\">Comme nous l\u2019indiquions l\u2019ann\u00e9e derni\u00e8re, le ministre Clarinval avait fait usage de cette comp\u00e9tence pour 2026 afin de relever le taux maximal de 2,50 % au plafond l\u00e9gal de 3,75 %.<\/p>\n\n\n\n<p class=\"wp-block-paragraph\">Le ministre a maintenant d\u00e9cid\u00e9 de maintenir ce plafond \u00e0 3,75 % pour 2027. Il ne suit ainsi pas la proposition de la Banque nationale de ramener le plafond \u00e0 2,75 % pour 2027.<\/p>\n\n\n\n<h2 class=\"wp-block-heading\"><strong><strong>Vers la suppression du plafond ?<\/strong><\/strong><\/h2>\n\n\n\n<p class=\"wp-block-paragraph\">La discussion va d\u00e9sormais au-del\u00e0 du niveau du plafond lui-m\u00eame. L\u2019avant-projet de loi portant des dispositions diverses en mati\u00e8re d\u2019assurances, approuv\u00e9 en premi\u00e8re lecture par le Conseil des ministres le 20 juin 2026, pr\u00e9voit la suppression du plafonnement g\u00e9n\u00e9ral des taux d\u2019int\u00e9r\u00eat applicables aux assurances-vie \u00e0 long terme.<\/p>\n\n\n\n<p class=\"wp-block-paragraph\">Parall\u00e8lement, les comp\u00e9tences prudentielles de la Banque nationale seraient renforc\u00e9es. Lorsqu\u2019un assureur propose des taux d\u2019int\u00e9r\u00eat manifestement irr\u00e9alistes, la Banque nationale pourrait intervenir afin de faire corriger la situation.<\/p>\n\n\n\n<p class=\"wp-block-paragraph\">L\u2019avant-projet est actuellement soumis pour avis au Conseil d\u2019\u00c9tat et devra ensuite suivre le processus parlementaire. D\u00e8s l\u2019entr\u00e9e en vigueur de la nouvelle r\u00e9glementation, le plafond g\u00e9n\u00e9ral des taux d\u2019int\u00e9r\u00eat dispara\u00eetrait. D\u2019ici l\u00e0, le syst\u00e8me actuel reste d\u2019application.<\/p>\n\n\n\n<p class=\"wp-block-paragraph\">Pour le bon ordre&nbsp;: les assureurs peuvent d\u00e9j\u00e0 aujourd\u2019hui, sous certaines conditions prudentielles sp\u00e9cifiques et pour une p\u00e9riode limit\u00e9e, garantir un taux d\u2019int\u00e9r\u00eat sup\u00e9rieur. La r\u00e9forme propos\u00e9e va plus loin et vise \u00e0 supprimer le plafonnement g\u00e9n\u00e9ral lui-m\u00eame.<\/p>\n\n\n\n<h2 class=\"wp-block-heading\"><strong><strong>La possibilit\u00e9 d\u2019offrir un rendement garanti plus attractif<\/strong><\/strong><\/h2>\n\n\n\n<p class=\"wp-block-paragraph\">Becobra estime que la possibilit\u00e9 d\u2019offrir un rendement garanti plus attractif peut contribuer \u00e0 accro\u00eetre les flux vers les produits de la branche 21 et ainsi soutenir la constitution de capitaux \u00e0 long terme. Nous avons \u00e9galement d\u00e9fendu cette position lors de la consultation relative au r\u00e9gime actuel.<\/p>\n\n\n\n<h2 class=\"wp-block-heading\"><strong><strong>Pensions compl\u00e9mentaires<\/strong><\/strong><\/h2>\n\n\n\n<p class=\"wp-block-paragraph\">Par ailleurs, la FSMA a confirm\u00e9 que la garantie de rendement minimale l\u00e9gale applicable aux pensions compl\u00e9mentaires (LPC) restera fix\u00e9e \u00e0 2,50 % en 2027. Cette garantie incombe \u00e0 l\u2019employeur ou \u00e0 l\u2019organisateur sectoriel : lorsque le rendement de l\u2019organisme de pension est insuffisant pour atteindre la garantie l\u00e9gale, l\u2019organisateur doit combler la diff\u00e9rence. Voir \u00e9galement <a href=\"https:\/\/becobra.be\/fr\/le-rendement-minimum-legal-de-la-lpc-reste-fixe-a-250-en-2027\/\" target=\"_blank\" rel=\"noreferrer noopener\">notre publication du 13\/07\/2026<\/a>.<\/p>\n","protected":false},"excerpt":{"rendered":"<p>Le ministre de l\u2019\u00c9conomie David Clarinval a annonc\u00e9 que le taux d\u2019int\u00e9r\u00eat technique maximal applicable aux assurances-vie \u00e0 long terme restera fix\u00e9 \u00e0 3,75 % en 2027. De quoi s\u2019agit-il ? L\u2019article 216 de la loi du 13 mars 2016 fixe un taux d\u2019int\u00e9r\u00eat technique maximal que les entreprises d\u2019assurances peuvent en principe garantir pour [&hellip;]<\/p>\n","protected":false},"author":3,"featured_media":12232,"comment_status":"open","ping_status":"closed","sticky":false,"template":"","format":"standard","meta":{"_acf_changed":false,"footnotes":""},"categories":[57],"tags":[84,92],"rol":[81],"class_list":["post-12235","post","type-post","status-publish","format-standard","has-post-thumbnail","hentry","category-assurance-vie","tag-private","tag-slotje","rol-standaard-lid"],"acf":[],"_links":{"self":[{"href":"https:\/\/becobra.be\/fr\/wp-json\/wp\/v2\/posts\/12235","targetHints":{"allow":["GET"]}}],"collection":[{"href":"https:\/\/becobra.be\/fr\/wp-json\/wp\/v2\/posts"}],"about":[{"href":"https:\/\/becobra.be\/fr\/wp-json\/wp\/v2\/types\/post"}],"author":[{"embeddable":true,"href":"https:\/\/becobra.be\/fr\/wp-json\/wp\/v2\/users\/3"}],"replies":[{"embeddable":true,"href":"https:\/\/becobra.be\/fr\/wp-json\/wp\/v2\/comments?post=12235"}],"version-history":[{"count":3,"href":"https:\/\/becobra.be\/fr\/wp-json\/wp\/v2\/posts\/12235\/revisions"}],"predecessor-version":[{"id":12240,"href":"https:\/\/becobra.be\/fr\/wp-json\/wp\/v2\/posts\/12235\/revisions\/12240"}],"wp:featuredmedia":[{"embeddable":true,"href":"https:\/\/becobra.be\/fr\/wp-json\/wp\/v2\/media\/12232"}],"wp:attachment":[{"href":"https:\/\/becobra.be\/fr\/wp-json\/wp\/v2\/media?parent=12235"}],"wp:term":[{"taxonomy":"category","embeddable":true,"href":"https:\/\/becobra.be\/fr\/wp-json\/wp\/v2\/categories?post=12235"},{"taxonomy":"post_tag","embeddable":true,"href":"https:\/\/becobra.be\/fr\/wp-json\/wp\/v2\/tags?post=12235"},{"taxonomy":"rol","embeddable":true,"href":"https:\/\/becobra.be\/fr\/wp-json\/wp\/v2\/rol?post=12235"}],"curies":[{"name":"wp","href":"https:\/\/api.w.org\/{rel}","templated":true}]}}